{"id":1,"date":"2019-06-19T10:51:44","date_gmt":"2019-06-19T08:51:44","guid":{"rendered":"https:\/\/ifv-bahntechnik.de\/vereinsmitglieder\/?p=1"},"modified":"2019-06-22T19:26:48","modified_gmt":"2019-06-22T17:26:48","slug":"information","status":"publish","type":"post","link":"https:\/\/ifv-bahntechnik.de\/vereinsmitglieder\/information\/","title":{"rendered":"Aktuelle Informationen f\u00fcr Vereinsmitglieder des IFV BAHNTECHNIK e.V."},"content":{"rendered":"<p style=\"text-align: right;\">.<\/p>\n<p><strong>SOMMER-EXKURSION f\u00fcr f\u00f6rdernde Mitglieder<\/strong> am 04.07. 2019 (08:15 &#8211; 13:45 Uhr) &gt;&gt;&gt; <strong><a class=\"art-button\" href=\"https:\/\/ifv-bahntechnik.de\/vereinsmitglieder\/veranstaltungen\/sommer-exkursion\/\">Information<\/a><\/strong><\/p>\n<p>&gt;&gt;&gt; <a href=\"https:\/\/ifv-bahntechnik.de\/vereinsmitglieder\/startseite\/anmeldung-zur-sommer-exkursion-firmenfoerderkreis\/\">Anmeldeformular f\u00fcr Mitglieder im Firmenf\u00f6rderkreis<\/a><\/p>\n<p style=\"text-align: right;\">.<\/p>\n<p><strong>MITGLIEDERVERSAMMLUNG f\u00fcr alle Mitglieder<\/strong> am 05.07.2019 (14:00 &#8211; 17:30 Uhr) &gt;&gt;&gt; <strong><a class=\"art-button\" href=\"https:\/\/ifv-bahntechnik.de\/vereinsmitglieder\/veranstaltungen\/mitgliederversammlung\/\">Information<\/a><\/strong><\/p>\n<p>&gt;&gt;&gt; <a href=\"https:\/\/ifv-bahntechnik.de\/vereinsmitglieder\/startseite\/anmeldeformular_persoenliche_mitglieder\/\">Anmeldeformular f\u00fcr pers\u00f6nliche Vereinsmitglieder (KOMBI-Formular f\u00fcr MV plus Sommer-Empfang)<\/a><\/p>\n<p>&gt;&gt;&gt; <a href=\"https:\/\/ifv-bahntechnik.de\/vereinsmitglieder\/startseite\/anmeldeformular-fuer-mitglieder-im-firmenfoerderkreis\/\">Anmeldeformular f\u00fcr Mitglieder im Firmenf\u00f6rderkreis (KOMBI-Formular f\u00fcr MV plus Sommer-Empfang)<\/a><\/p>\n<p style=\"text-align: right;\">.<\/p>\n<p><strong>SOMMER-EMPFANG f\u00fcr Mitglieder und G\u00e4ste<\/strong> am 06.07.2019 (18:00 &#8211; 22:00 Uhr) &gt;&gt;&gt; <strong><a class=\"art-button\" href=\"https:\/\/ifv-bahntechnik.de\/vereinsmitglieder\/veranstaltungen\/sommer-empfang\/\">Information<\/a><\/strong><\/p>\n<p>&gt;&gt;&gt; <a href=\"https:\/\/ifv-bahntechnik.de\/vereinsmitglieder\/startseite\/anmeldung-zum-sommer-empfang\/\">Anmeldeformular f\u00fcr den Sommerempfang (ohne Teilnahme an der MV)\u00a0<\/a><\/p>\n<p style=\"text-align: right;\">.<\/p>\n<hr \/>\n<p style=\"text-align: right;\">.<\/p>\n<p><a href=\"https:\/\/ifv-bahntechnik.de\/vereinsmitglieder\/veranstaltungen\/\"><img loading=\"lazy\" decoding=\"async\" class=\"aligncenter\" src=\"https:\/\/www.ifv-bahntechnik.de\/fileserver\/2019\/sommer-event-2019px600.png\" alt=\"\" width=\"600\" height=\"651\" \/><\/a><\/p>\n<p style=\"text-align: right;\">.<\/p>\n<ul>\n<li>Information und Anmeldung zu den <strong><a href=\"https:\/\/ifv-bahntechnik.de\/vereinsmitglieder\/veranstaltungen\/\">Veranstaltungen f\u00fcr Vereinsmitglieder im Sommer 2019<\/a><\/strong><\/li>\n<\/ul>\n<p>&nbsp;<\/p>\n<p style=\"text-align: right;\">.<\/p>\n<hr \/>\n<p style=\"text-align: right;\">.<\/p>\n<p>Haben Sie FRAGEN?<\/p>\n<p>&gt;&gt;&gt; <a href=\"https:\/\/ifv-bahntechnik.de\/kontakt\/\">Kontakt zur Gesch\u00e4ftsstelle<\/a><\/p>\n<p style=\"text-align: right;\">.<\/p>\n<p style=\"text-align: right;\">.<\/p>\n<p style=\"text-align: right;\">#<\/p>\n<p>&nbsp;<\/p>\n","protected":false},"excerpt":{"rendered":"<p>. SOMMER-EXKURSION f\u00fcr f\u00f6rdernde Mitglieder am 04.07. 2019 (08:15 &#8211; 13:45 Uhr) &gt;&gt;&gt; Information &gt;&gt;&gt; Anmeldeformular f\u00fcr Mitglieder im Firmenf\u00f6rderkreis . MITGLIEDERVERSAMMLUNG f\u00fcr alle Mitglieder am 05.07.2019 (14:00 &#8211; 17:30 Uhr) &gt;&gt;&gt; Information &gt;&gt;&gt; Anmeldeformular f\u00fcr pers\u00f6nliche Vereinsmitglieder (KOMBI-Formular f\u00fcr MV plus Sommer-Empfang) &gt;&gt;&gt; Anmeldeformular f\u00fcr Mitglieder im Firmenf\u00f6rderkreis (KOMBI-Formular f\u00fcr MV plus Sommer-Empfang) . [&hellip;]<\/p>\n","protected":false},"author":7,"featured_media":0,"comment_status":"closed","ping_status":"closed","sticky":false,"template":"","format":"standard","meta":{"footnotes":""},"categories":[1],"tags":[],"class_list":["post-1","post","type-post","status-publish","format-standard","hentry","category-allgemein"],"_links":{"self":[{"href":"https:\/\/ifv-bahntechnik.de\/vereinsmitglieder\/wp-json\/wp\/v2\/posts\/1","targetHints":{"allow":["GET"]}}],"collection":[{"href":"https:\/\/ifv-bahntechnik.de\/vereinsmitglieder\/wp-json\/wp\/v2\/posts"}],"about":[{"href":"https:\/\/ifv-bahntechnik.de\/vereinsmitglieder\/wp-json\/wp\/v2\/types\/post"}],"author":[{"embeddable":true,"href":"https:\/\/ifv-bahntechnik.de\/vereinsmitglieder\/wp-json\/wp\/v2\/users\/7"}],"replies":[{"embeddable":true,"href":"https:\/\/ifv-bahntechnik.de\/vereinsmitglieder\/wp-json\/wp\/v2\/comments?post=1"}],"version-history":[{"count":20,"href":"https:\/\/ifv-bahntechnik.de\/vereinsmitglieder\/wp-json\/wp\/v2\/posts\/1\/revisions"}],"predecessor-version":[{"id":113,"href":"https:\/\/ifv-bahntechnik.de\/vereinsmitglieder\/wp-json\/wp\/v2\/posts\/1\/revisions\/113"}],"wp:attachment":[{"href":"https:\/\/ifv-bahntechnik.de\/vereinsmitglieder\/wp-json\/wp\/v2\/media?parent=1"}],"wp:term":[{"taxonomy":"category","embeddable":true,"href":"https:\/\/ifv-bahntechnik.de\/vereinsmitglieder\/wp-json\/wp\/v2\/categories?post=1"},{"taxonomy":"post_tag","embeddable":true,"href":"https:\/\/ifv-bahntechnik.de\/vereinsmitglieder\/wp-json\/wp\/v2\/tags?post=1"}],"curies":[{"name":"wp","href":"https:\/\/api.w.org\/{rel}","templated":true}]}}